{"id":875,"date":"2015-06-18T13:44:00","date_gmt":"2015-06-18T13:44:00","guid":{"rendered":"http:\/\/mobaro.com\/park\/?p=875"},"modified":"2019-04-03T11:35:58","modified_gmt":"2019-04-03T11:35:58","slug":"the-new-internal-order","status":"publish","type":"post","link":"https:\/\/mobaro.com\/es\/the-new-internal-order\/","title":{"rendered":"El nuevo orden interno"},"content":{"rendered":"<div data-elementor-type=\"wp-post\" data-elementor-id=\"875\" class=\"elementor elementor-875\" data-elementor-post-type=\"post\">\n\t\t\t\t\t\t<section class=\"elementor-section elementor-top-section elementor-element elementor-element-8ca34a0 elementor-section-boxed elementor-section-height-default elementor-section-height-default exad-glass-effect-no exad-sticky-section-no\" data-id=\"8ca34a0\" data-element_type=\"section\">\n\t\t\t\t\t\t<div class=\"elementor-container elementor-column-gap-default\">\n\t\t\t\t\t<div class=\"elementor-column elementor-col-100 elementor-top-column elementor-element elementor-element-31789f06 exad-glass-effect-no exad-sticky-section-no\" data-id=\"31789f06\" data-element_type=\"column\">\n\t\t\t<div class=\"elementor-widget-wrap elementor-element-populated\">\n\t\t\t\t\t\t<div class=\"elementor-element elementor-element-1a000d1e exad-sticky-section-no exad-glass-effect-no elementor-widget elementor-widget-text-editor\" data-id=\"1a000d1e\" data-element_type=\"widget\" data-widget_type=\"text-editor.default\">\n\t\t\t\t<div class=\"elementor-widget-container\">\n\t\t\t\t\t\t\t\t\t<p><strong><a href=\"http:\/\/mobaro.com\/park\/wp-content\/uploads\/sites\/2\/2015\/06\/internal-order.png\">De lo centralizado a lo m\u00f3vil. De lo corporativo a lo humano. De arriba abajo a izquierda-derecha. La comunicaci\u00f3n interna est\u00e1 experimentando grandes cambios estos a\u00f1os.<\/a><br \/><\/strong><\/p><p><strong><a href=\"http:\/\/mobaro.com\/park\/wp-content\/uploads\/sites\/2\/2015\/06\/internal-order.png\"><img fetchpriority=\"high\" decoding=\"async\" class=\"alignnone size-full wp-image-878\" src=\"http:\/\/mobaro.com\/park\/wp-content\/uploads\/sites\/2\/2015\/06\/internal-order.png\" alt=\"internal-order\" width=\"531\" height=\"353\" \/><\/a><\/strong><\/p><p>Un bit de \"tech.co\" enumera una serie de \u00e1reas que est\u00e1n haciendo m\u00e1s inteligentes las comunicaciones internas. Con los avances tecnol\u00f3gicos y los nuevos medios de comunicaci\u00f3n, los empleados se unen a m\u00e1s niveles que nunca en la lucha por mantener el flujo de datos clave.<\/p><p>He aqu\u00ed un par de ellas:<br \/>- V\u00eddeos atractivos e informativos<br \/>- Tecnolog\u00eda m\u00f3vil<br \/>- Medici\u00f3n del efecto comunicativo<br \/>- Redes sociales<\/p><p>Con todas las nuevas herramientas y canales y las distintas formas de utilizarlos, ya no hay excusas. Cualquier organizaci\u00f3n puede convertirse en una superestrella de la comunicaci\u00f3n interna.<\/p><p>Sin embargo, parece surgir una pregunta. Si todo el mundo puede contribuir y est\u00e1 dispuesto a hacerlo, \u00bfc\u00f3mo se supone que una empresa va a mantener una comunicaci\u00f3n limpia y progresiva? Los peores escenarios no son dif\u00edciles de imaginar. Piense en un lugar de trabajo en el que cualquiera puede publicar cualquier cosa a trav\u00e9s de diversos medios.<\/p><p>Sin embargo, la respuesta no tiene nada de nuevo o innovador: debe tratarse de la misma manera que siempre. Si no m\u00e1s importantes ahora, las estructuras y directrices visibles deben ser la piedra angular de un enfoque futuro.<\/p><p>Los m\u00e9todos multilaterales de comunicaci\u00f3n interna, que est\u00e1n ganando velocidad, necesitan ser gestionados en un sistema que la alta direcci\u00f3n encuentre adecuado a las caracter\u00edsticas de su organizaci\u00f3n.<\/p><p>Eche un vistazo a <strong><a href=\"http:\/\/tech.co\/2015-will-year-smarter-internal-communications-2015-01\" target=\"_blank\" rel=\"noopener noreferrer\">la lista completa<\/a>.<\/strong><\/p><hr \/>\t\t\t\t\t\t\t\t<\/div>\n\t\t\t\t<\/div>\n\t\t\t\t\t<\/div>\n\t\t<\/div>\n\t\t\t\t\t<\/div>\n\t\t<\/section>\n\t\t\t\t<\/div>","protected":false},"excerpt":{"rendered":"<p>De lo centralizado a lo m\u00f3vil. De lo corporativo a lo humano. De arriba abajo a izquierda-derecha. Las comunicaciones internas est\u00e1n experimentando grandes cambios estos a\u00f1os. Un art\u00edculo de 'tech.co' enumera una serie de \u00e1reas que est\u00e1n haciendo m\u00e1s inteligentes las comunicaciones internas. Con los avances tecnol\u00f3gicos y los nuevos medios de comunicaci\u00f3n, los empleados participan a m\u00e1s niveles que nunca en la lucha por mantener [...]<\/p>","protected":false},"author":3,"featured_media":878,"comment_status":"open","ping_status":"open","sticky":false,"template":"","format":"standard","meta":{"content-type":"","footnotes":""},"categories":[1],"tags":[],"class_list":["post-875","post","type-post","status-publish","format-standard","has-post-thumbnail","hentry","category-uncategorized"],"_links":{"self":[{"href":"https:\/\/mobaro.com\/es\/wp-json\/wp\/v2\/posts\/875","targetHints":{"allow":["GET"]}}],"collection":[{"href":"https:\/\/mobaro.com\/es\/wp-json\/wp\/v2\/posts"}],"about":[{"href":"https:\/\/mobaro.com\/es\/wp-json\/wp\/v2\/types\/post"}],"author":[{"embeddable":true,"href":"https:\/\/mobaro.com\/es\/wp-json\/wp\/v2\/users\/3"}],"replies":[{"embeddable":true,"href":"https:\/\/mobaro.com\/es\/wp-json\/wp\/v2\/comments?post=875"}],"version-history":[{"count":2,"href":"https:\/\/mobaro.com\/es\/wp-json\/wp\/v2\/posts\/875\/revisions"}],"predecessor-version":[{"id":2593,"href":"https:\/\/mobaro.com\/es\/wp-json\/wp\/v2\/posts\/875\/revisions\/2593"}],"wp:featuredmedia":[{"embeddable":true,"href":"https:\/\/mobaro.com\/es\/wp-json\/"}],"wp:attachment":[{"href":"https:\/\/mobaro.com\/es\/wp-json\/wp\/v2\/media?parent=875"}],"wp:term":[{"taxonomy":"category","embeddable":true,"href":"https:\/\/mobaro.com\/es\/wp-json\/wp\/v2\/categories?post=875"},{"taxonomy":"post_tag","embeddable":true,"href":"https:\/\/mobaro.com\/es\/wp-json\/wp\/v2\/tags?post=875"}],"curies":[{"name":"wp","href":"https:\/\/api.w.org\/{rel}","templated":true}]}}